{"id":10733,"date":"2011-11-07T17:53:33","date_gmt":"2011-11-07T14:53:33","guid":{"rendered":"http:\/\/revistacioburi.ro\/?p=10733"},"modified":"2011-11-07T17:53:33","modified_gmt":"2011-11-07T14:53:33","slug":"mai-multi-prescolari-au-ajuns-la-urgenta-dupa-ce-au-vazut-o-poza-cu-monica-tatoiu","status":"publish","type":"post","link":"https:\/\/revistacioburi.ro\/revistacioburi\/2011\/11\/mai-multi-prescolari-au-ajuns-la-urgenta-dupa-ce-au-vazut-o-poza-cu-monica-tatoiu\/","title":{"rendered":"Mai mul\u0163i pre\u015fcolari au ajuns la Urgen\u0163\u0103 dup\u0103 ce au v\u0103zut o poz\u0103 cu Monica Tatoiu"},"content":{"rendered":"<p><a class=\"highslide\" onclick=\"return vz.expand(this)\" rel=\"attachment wp-att-10734\" href=\"https:\/\/revistacioburi.ro\/revistacioburi\/2011\/11\/mai-multi-prescolari-au-ajuns-la-urgenta-dupa-ce-au-vazut-o-poza-cu-monica-tatoiu\/monicatatoiu\/\"><img loading=\"lazy\" decoding=\"async\" class=\"alignleft size-medium wp-image-10734\" title=\"MonicaTatoiu\" src=\"https:\/\/revistacioburi.ro\/revistacioburi\/wp-content\/uploads\/2011\/11\/MonicaTatoiu-300x214.jpg\" alt=\"\" width=\"300\" height=\"214\" \/><\/a><\/p>\n<p>Luni diminea\u0163\u0103, 16 copii cu v\u00e2rstele cuprinse \u00eentre patru \u015fi \u015fase ani au ajuns la Unitatea de Primiri Urgen\u0163e a spitalului Marie Curie din Capital\u0103 \u00een stare grav\u0103. Micu\u0163ii au fost adu\u015fi la spital de la o gr\u0103dini\u0163\u0103 particular\u0103 din sectorul 2, dup\u0103 ce au acuzat puternice dureri abdominale, diaree \u015fi st\u0103ri de vom\u0103. Dup\u0103 primele cercet\u0103ri se pare c\u0103 toat\u0103 aceast\u0103 situa\u0163ie a fost generat\u0103 de neglijen\u0163a uneia dintre educatoare care a l\u0103sat nesupravegheat\u0103 o revist\u0103 \u00een care era prezent\u0103 o poz\u0103 cu Monica Tatoiu.<\/p>\n<p>\u201eEste inadmisibil ca \u00eentr-o \u0163ar\u0103 din Uniunea European\u0103 s\u0103 se \u00eent\u00e2mple a\u015fa ceva! Cum e posibil s\u0103 la\u015fi materiale expirate la \u00eendem\u00e2na copiilor? Mi se face mie grea\u0163\u0103 numai c\u00e2nd m\u0103 g\u00e2ndesc la poza aia, dar\u0103mite \u0103stora mici. \u015ei \u00een plus, cum o s\u0103-i explic eu acum copilului c\u0103 vr\u0103jitoarele nu sunt reale c\u00e2nd doamna Tatoiu e toat\u0103 ziua la televizor?\u201d, s-a ar\u0103tat vizibil revoltat unul din p\u0103rin\u0163i.<\/p>\n<p>\u00cen ciuda isteriei iscate \u00een jurul acestui subiect, medicii dau asigur\u0103ri c\u0103 situa\u0163ia este sub control. \u201eMomentan starea micu\u0163ilor este stabil\u0103. Ini\u0163ial am crezut c\u0103 este vorba despre o toxiinfec\u0163ie alimentar\u0103, \u00eens\u0103 imediat ce doamna educatoare ne-a povestit despre poza doamnei Tatoiu am \u015ftiut c\u0103 este vorba despre o intoxicare media. Este un caz f\u0103r\u0103 precedent. P\u00e2n\u0103 acum se \u015ftia c\u0103 to\u0163i copiii cu v\u00e2rste fragede sunt imuni la genul acesta de intoxicare, dar se pare c\u0103 medicina nu este \u00eentotdeauna cea pe care o \u00eenv\u0103\u0163\u0103m pe b\u0103ncile facult\u0103\u0163ii\u201d, a declarat pentru HotMuse medicul de gard\u0103 Leo Tocitu.<\/p>\n<p>Mamele celor \u015faisprezece copii au anun\u0163at deja c\u0103 vor depune o pl\u00e2ngere la adresa educatoarei, \u00een timp ce ta\u0163ii au c\u0103zut de acord s\u0103 dea \u00een judecat\u0103 gr\u0103dini\u0163a cer\u00e2nd desp\u0103gubiri materiale necesare contract\u0103rii a doisprezece modele \u00een vederea realiz\u0103rii unui calendar cu elfe \u00eembr\u0103cate decent de care se vor ocupa personal, pentru a se asigura c\u0103, \u00een urma acestei experien\u0163e traumatizante, micu\u0163ii vor \u00een\u0163elege c\u0103 la fiecare vr\u0103jitoare ce pozeaz\u0103 \u00eentr-o revist\u0103, dou\u0103sprezece z\u00e2ne bune sunt gata s\u0103 le sar\u0103 \u00een ajutor din calendarul de deasupra biroului lui t\u0103ticu\u2019.<\/p>\n","protected":false},"excerpt":{"rendered":"<p>Luni diminea\u0163\u0103, 16 copii cu v\u00e2rstele cuprinse \u00eentre patru \u015fi \u015fase ani au ajuns la Unitatea de Primiri Urgen\u0163e a spitalului Marie Curie din Capital\u0103 \u00een stare grav\u0103. Micu\u0163ii au fost adu\u015fi la spital de &hellip;<\/p>\n","protected":false},"author":3,"featured_media":0,"comment_status":"open","ping_status":"closed","sticky":false,"template":"","format":"standard","meta":{"footnotes":""},"categories":[30,103],"tags":[897,2163,2620,3496],"class_list":["post-10733","post","type-post","status-publish","format-standard","hentry","category-aberatia-de-intelect","category-promo","tag-copii","tag-monica-tatoiu","tag-poza","tag-urgenta"],"_links":{"self":[{"href":"https:\/\/revistacioburi.ro\/revistacioburi\/wp-json\/wp\/v2\/posts\/10733","targetHints":{"allow":["GET"]}}],"collection":[{"href":"https:\/\/revistacioburi.ro\/revistacioburi\/wp-json\/wp\/v2\/posts"}],"about":[{"href":"https:\/\/revistacioburi.ro\/revistacioburi\/wp-json\/wp\/v2\/types\/post"}],"author":[{"embeddable":true,"href":"https:\/\/revistacioburi.ro\/revistacioburi\/wp-json\/wp\/v2\/users\/3"}],"replies":[{"embeddable":true,"href":"https:\/\/revistacioburi.ro\/revistacioburi\/wp-json\/wp\/v2\/comments?post=10733"}],"version-history":[{"count":0,"href":"https:\/\/revistacioburi.ro\/revistacioburi\/wp-json\/wp\/v2\/posts\/10733\/revisions"}],"wp:attachment":[{"href":"https:\/\/revistacioburi.ro\/revistacioburi\/wp-json\/wp\/v2\/media?parent=10733"}],"wp:term":[{"taxonomy":"category","embeddable":true,"href":"https:\/\/revistacioburi.ro\/revistacioburi\/wp-json\/wp\/v2\/categories?post=10733"},{"taxonomy":"post_tag","embeddable":true,"href":"https:\/\/revistacioburi.ro\/revistacioburi\/wp-json\/wp\/v2\/tags?post=10733"}],"curies":[{"name":"wp","href":"https:\/\/api.w.org\/{rel}","templated":true}]}}