{"id":9017,"date":"2010-10-22T14:38:27","date_gmt":"2010-10-22T11:38:27","guid":{"rendered":"http:\/\/revistacioburi.ro\/?p=9017"},"modified":"2010-10-22T14:38:27","modified_gmt":"2010-10-22T11:38:27","slug":"zece-motive-ca-emil-boc-sa-ramana-premier","status":"publish","type":"post","link":"https:\/\/revistacioburi.ro\/revistacioburi\/2010\/10\/zece-motive-ca-emil-boc-sa-ramana-premier\/","title":{"rendered":"Zece motive ca Emil Boc s\u0103 r\u0103m\u00e2n\u0103 premier"},"content":{"rendered":"<p>Tic-tac, tac-tic, opozi\u0163ia rea vrea s\u0103 r\u0103stoarne premierul mic.<br \/>\nAu mai r\u0103mas c\u00e2teva zile p\u00e2n\u0103 c\u00e2nd mo\u0163iunea de cenzur\u0103 pentru demiterea Cabinetului Boc va fi votat\u0103 \u00een Parlament.<br \/>\nSpeciali\u015ftii Revistei Cioburi \u00een probleme de stabilitate politic\u0103, \u00een str\u00e2ns\u0103 colaborare cu exper\u0163ii \u00een macro-economie la gigacalorie de pe scara blocului, au \u00eentocmit  o list\u0103 cu zece motive pentru care Emil Boc merit\u0103 s\u0103 r\u0103m\u00e2n\u0103 prim ministru.<\/p>\n<p>Motive, \u00eencolonarea!<\/p>\n<p>1.\u00a0 E mic \u015fi consum\u0103 pu\u0163in, deci e numai bun pentru criz\u0103.<\/p>\n<p>2.\u00a0 \u00ce\u015fi face temele \u015fi ascult\u0103 de domnul diriginte.<\/p>\n<p>3.\u00a0 Nu d\u0103 \u00een copii. Ca \u015fi domnul diriginte, desigur.<\/p>\n<p>4.\u00a0 A fost primarul Clujului, ora\u015f care are dou\u0103 echipe \u00een Liga 1 \u015fi una \u00een grupele Champions League.<\/p>\n<p>5.\u00a0 Este un om responsabil. E cu facturile la zi.<\/p>\n<p>6.\u00a0 \u00cen timpul mandatelor sale de prim-ministru SUA \u015fi-a revenit din recesiune.<\/p>\n<p>7.\u00a0 Este o personalitate politic\u0103 independent\u0103. Nu a mai cerut de ani buni bani de acas\u0103.<\/p>\n<p>8.\u00a0 Are o minte ager\u0103 \u015fi o capacitate pronun\u0163at\u0103 cu voce tare de a anticipa fenomenele politico-economice. Nu este b\u0103tut \u00een cap dec\u00e2t ocazional \u015fi doar de domnul Boc senior cu c\u00e2te un ou.<\/p>\n<p>9.\u00a0 \u015etie s\u0103 m\u00e2nuiasc\u0103 coasa \u015fi drept urmare taie cel mai bine la salariile bugetarilor.<\/p>\n<p>10. Are abilitatea bumerangului. Revine ori de c\u00e2te ori e demis.<\/p>\n","protected":false},"excerpt":{"rendered":"<p>Tic-tac, tac-tic, opozi\u0163ia rea vrea s\u0103 r\u0103stoarne premierul mic. Au mai r\u0103mas c\u00e2teva zile p\u00e2n\u0103 c\u00e2nd mo\u0163iunea de cenzur\u0103 pentru demiterea Cabinetului Boc va fi votat\u0103 \u00een Parlament. Speciali\u015ftii Revistei Cioburi \u00een probleme de stabilitate &hellip;<\/p>\n","protected":false},"author":3,"featured_media":0,"comment_status":"open","ping_status":"closed","sticky":false,"template":"","format":"standard","meta":{"footnotes":""},"categories":[30,103],"tags":[520,2181,2182,2343,2636],"class_list":["post-9017","post","type-post","status-publish","format-standard","hentry","category-aberatia-de-intelect","category-promo","tag-boc","tag-motiune","tag-motive","tag-opozitie","tag-premier"],"_links":{"self":[{"href":"https:\/\/revistacioburi.ro\/revistacioburi\/wp-json\/wp\/v2\/posts\/9017","targetHints":{"allow":["GET"]}}],"collection":[{"href":"https:\/\/revistacioburi.ro\/revistacioburi\/wp-json\/wp\/v2\/posts"}],"about":[{"href":"https:\/\/revistacioburi.ro\/revistacioburi\/wp-json\/wp\/v2\/types\/post"}],"author":[{"embeddable":true,"href":"https:\/\/revistacioburi.ro\/revistacioburi\/wp-json\/wp\/v2\/users\/3"}],"replies":[{"embeddable":true,"href":"https:\/\/revistacioburi.ro\/revistacioburi\/wp-json\/wp\/v2\/comments?post=9017"}],"version-history":[{"count":0,"href":"https:\/\/revistacioburi.ro\/revistacioburi\/wp-json\/wp\/v2\/posts\/9017\/revisions"}],"wp:attachment":[{"href":"https:\/\/revistacioburi.ro\/revistacioburi\/wp-json\/wp\/v2\/media?parent=9017"}],"wp:term":[{"taxonomy":"category","embeddable":true,"href":"https:\/\/revistacioburi.ro\/revistacioburi\/wp-json\/wp\/v2\/categories?post=9017"},{"taxonomy":"post_tag","embeddable":true,"href":"https:\/\/revistacioburi.ro\/revistacioburi\/wp-json\/wp\/v2\/tags?post=9017"}],"curies":[{"name":"wp","href":"https:\/\/api.w.org\/{rel}","templated":true}]}}