{"id":9584,"date":"2011-02-24T17:18:15","date_gmt":"2011-02-24T14:18:15","guid":{"rendered":"http:\/\/revistacioburi.ro\/?p=9584"},"modified":"2011-02-24T17:18:15","modified_gmt":"2011-02-24T14:18:15","slug":"sindromul-saracului","status":"publish","type":"post","link":"https:\/\/revistacioburi.ro\/revistacioburi\/2011\/02\/sindromul-saracului\/","title":{"rendered":"Sindromul s\u0103racului"},"content":{"rendered":"<p>Nu suntem s\u0103raci de-acum. Adic\u0103 de vreo doi ani, de c\u00e2nd a r\u0103bufnit criza. Nici de c\u00e2nd a venit noua guvernare. Sau ultimul pre\u015fedinte. Nu suntem s\u0103raci nici de c\u00e2nd am f\u0103cut primul \u00eemprumut post-decembrist la FMI.<\/p>\n<p>Ne-am n\u0103scut s\u0103raci \u015fi am r\u0103mas cu asta \u00een s\u00e2nge. Ac\u0163iunile multora sunt, \u00een mare parte, pentru a-\u015fi demonstra c\u0103 au sc\u0103pat de s\u0103r\u0103cie.<\/p>\n<p>Nu intr\u0103m \u00een restaurante mai de doamne ajuta doar pentru c\u0103 nu avem chef s\u0103 g\u0103tim acas\u0103 sau pentru a ne delecta cu anumite specialit\u0103\u0163i culinare.<\/p>\n<p>Nu cump\u0103r\u0103m \u0163oale de firm\u0103 pentru c\u0103 avem gust \u015fi \u015ftim ce e calitatea. Faptul c\u0103 lu\u0103m ceva \u201cde firm\u0103\u201d ne e suficient.<\/p>\n<p>Nu intr\u0103m \u00eentr-un anume local pentru a ne cl\u0103ti papilele cu un vin bun. Nu ne str\u00e2ngem \u00eentr-un pub pentru c\u0103 ne era dor s\u0103 mai schimb\u0103m o vorb\u0103 unii cu al\u0163ii (dovada c\u0103 jum\u0103tate din timpul de \u201csocializare\u201d e dedicat up-date-urilor de status pe Facebook sau de r\u0103spuns la tot soiul de comment-uri pe site-uri similare).<\/p>\n<p>Nu achizi\u0163ion\u0103m ultratehnologie prin b\u00e2rloguri pentru c\u0103 le-am folosi \u00eentr-adev\u0103r (ooo, \u015fi ce sisteme audio am vazut prin unele locuri doar pe post de mobil\u0103, ca de, nu putem deranja vecinii \u2013 trebuie, nu-i a\u015fa, s\u0103 le respect\u0103m dreptul la fericire sau, cum \u00eemi place mie s\u0103 zic, antrenamentul pentru ve\u015fnica \u015fi ne\u00eentrist\u0103toarea odihn\u0103).<\/p>\n<p>Nu.<\/p>\n<p>Toate acestea sunt pentru a ne demonstra nou\u0103 c\u0103 am sc\u0103pat de s\u0103r\u0103cie.<\/p>\n<p>O s\u0103r\u0103cie impus\u0103 \u015fi de faptul c\u0103, \u015fi s\u0103 fi avut bani, nu prea aveai ce s\u0103 cumperi cu ei.<\/p>\n<p>Pe vremea lui <em>Cea\u015fc\u0103<\/em> (ultima decad\u0103) erau trei-patru m\u0103rci de pantofi. Cam tot at\u00e2tea de televizor. Sau radio. Sau magnetofon.<\/p>\n<p>Pe vremea lui <em>Cea\u015fc\u0103<\/em> (ultima decad\u0103) erau 4-5 soiuri de prajituri \u00een cofet\u0103rii. \u015ei dou\u0103 de suc.<\/p>\n<p>Pe vremea lui <em>Cea\u015fc\u0103<\/em> (ultima decad\u0103) era o aventur\u0103 s\u0103 ai un video \u00een cas\u0103.<\/p>\n<p>Pe vremea lui <em>Cea\u015fc\u0103<\/em> (ultima decad\u0103) era super \u015fmecherie s\u0103 ai o juc\u0103rie chinezeasc\u0103 \u2013 iar liniile chineze\u015fti \u015fi creioanele cu guma \u00een cap\u0103t erau o confirmare a unui status de nivel mediu \u201c\u00een lume\u201d.<\/p>\n<p>Pe vremea lui <em>Cea\u015fc\u0103<\/em> (ultima decad\u0103) mingiile de piele sau de vinilin erau scoase din cas\u0103 nu pentru a fi b\u0103tute pe maidan, ci ca o dovad\u0103 a faptului c\u0103 exist\u0103!<\/p>\n<p>Pe vremea lui <em>Cea\u015fc\u0103<\/em> era pericol de pu\u015fc\u0103rie dac\u0103 aveai \u00een cas\u0103 mai multe alimente dec\u00e2t puteai s\u0103 cumperi pe cartel\u0103 (pu\u015ftanii de azi nu \u00een\u0163eleg poanta lui Toma Caragiu din scheciul \u201cMefisto\u201d c\u00e2nd Dumnezeu \u00eel las\u0103 pe m\u00e2na Dracului pe unul care, prins \u00een cas\u0103 cu o sut\u0103 de kile de ulei a dat vina pe El, motiv\u00e2nd c\u0103 \u00eei trebuia uleiul pentru candel\u0103). Cartela aia! Am m\u00e2ncat cea mai crunt\u0103 b\u0103taie din via\u0163a mea de la mama c\u00e2nd am pierdut nenorocita aia de cartel\u0103! Abia undeva, dup\u0103 20 de ani am \u00een\u0163eles cam ce \u00eensemna&#8230;<\/p>\n<p>Lista ar putea continua mult \u015fi bine. \u00cen fine&#8230;au trecut.<\/p>\n<p><em>Revolu\u0163ia<\/em> a \u00eensemnat imediat libertatea de a cump\u0103ra. De toate. Orice. Pentru c\u0103 se putea!<\/p>\n<p>\u015ei lumea a \u00eenceput s\u0103 cumpere! P\u00e2n\u0103 la ultimul leu! A fost o mini-demen\u0163\u0103 atunci: se f\u0103ceau vizite \u201chai s\u0103 vedem ce \u015fi-a mai luat cutareasca&#8230;\u201d<\/p>\n<p>Iar noi am crescut cu sindromul \u0103sta. Nu pentru c\u0103 am fi \u00een\u0163eles foarte bine ce se \u00eent\u00e2mpla dar pentru c\u0103 a\u015fa am v\u0103zut la ai no\u015ftri.<\/p>\n<p>Nu-mi spune\u0163i c\u0103 exist\u0103 o logic\u0103 \u00een a-\u0163i lua o plasm\u0103 \u00een cas\u0103 sau nu \u015ftiu ce gam\u0103 de electrocasnice \u00een condi\u0163iile \u00een care ratele pot s\u0103 \u00eensemne \u015fi jum\u0103tate din salariu. Sau, cum spuneam la \u00eenceput, \u00een a avea nu-\u015ftiu-ce ce sistem audio \u00een condi\u0163iile \u00een care atunci c\u00e2nd vrei s\u0103 m\u0103re\u015fti volumul \u00eencepe concertul de percu\u0163ie de \u0163evi, pere\u0163i \u015fi calorifer. Sau s\u0103 iei ceva doar pentru c\u0103 \u201ctoat\u0103 lumea are&#8230;\u201d<\/p>\n<p>Problema e c\u0103 ai no\u015ftri copii se ridic\u0103 din cauza sindromului \u0103stuia al nostru al s\u0103r\u0103ciei \u00a0cu un alt sindrom: al avu\u0163iei.<\/p>\n<p>\u015ei noi ne uit\u0103m la ei \u015fi \u00eei bodog\u0103nim \u015fi \u00eei critic\u0103m c\u0103 nu \u015ftiu s\u0103 aprecieze banul.<\/p>\n<p>De la cine s\u0103 \u00eenve\u0163e asta? De la p\u0103rin\u0163ii care au buc\u0103taria Nekermann, cu ultra-tot-ce-trebuie dar care m\u0103n\u00e2nc\u0103 de la Mc\u2019Donalds?<\/p>\n<p>***<\/p>\n<p>Sindromul s\u0103r\u0103ciei \u00eel simt de fiecare dat\u0103 c\u00e2nd, vr\u00e2nd s\u0103 ies la o sticl\u0103 de vin cu tata \u00eentr-un local, \u201cs\u0103 ne mai cl\u0103tim ochii\u201d \u2013 sanchi, pentru a-i demonstra c\u0103 mi-e bine, c\u0103 \u00eemi permit s\u0103 beau o sticl\u0103 de vin ora\u015f &#8211;\u00a0 \u00eel v\u0103d reticent \u015fi cum \u00eencearc\u0103 s\u0103 m\u0103 conving\u0103: \u201cDa\u2019 nu mai bine lu\u0103m DOU\u0102 sticle de la chio\u015fc \u015fi st\u0103m acas\u0103&#8230;?\u201d<\/p>\n<p><em><a href=\"http:\/\/ro.netlog.com\/dunare_ro\/blog\" target=\"_blank\"> Dun\u0103re<\/a><\/em>.<\/p>\n","protected":false},"excerpt":{"rendered":"<p>Nu suntem s\u0103raci de-acum. Adic\u0103 de vreo doi ani, de c\u00e2nd a r\u0103bufnit criza. Nici de c\u00e2nd a venit noua guvernare. Sau ultimul pre\u015fedinte. Nu suntem s\u0103raci nici de c\u00e2nd am f\u0103cut primul \u00eemprumut post-decembrist &hellip;<\/p>\n","protected":false},"author":11,"featured_media":0,"comment_status":"open","ping_status":"closed","sticky":false,"template":"","format":"standard","meta":{"footnotes":""},"categories":[93,96],"tags":[426,1032,1350,1650,2962,3078],"class_list":["post-9584","post","type-post","status-publish","format-standard","hentry","category-editorial","category-frustrari-din-cartier","tag-bani","tag-dementa","tag-firma","tag-impus","tag-sarac","tag-sindrom"],"_links":{"self":[{"href":"https:\/\/revistacioburi.ro\/revistacioburi\/wp-json\/wp\/v2\/posts\/9584","targetHints":{"allow":["GET"]}}],"collection":[{"href":"https:\/\/revistacioburi.ro\/revistacioburi\/wp-json\/wp\/v2\/posts"}],"about":[{"href":"https:\/\/revistacioburi.ro\/revistacioburi\/wp-json\/wp\/v2\/types\/post"}],"author":[{"embeddable":true,"href":"https:\/\/revistacioburi.ro\/revistacioburi\/wp-json\/wp\/v2\/users\/11"}],"replies":[{"embeddable":true,"href":"https:\/\/revistacioburi.ro\/revistacioburi\/wp-json\/wp\/v2\/comments?post=9584"}],"version-history":[{"count":0,"href":"https:\/\/revistacioburi.ro\/revistacioburi\/wp-json\/wp\/v2\/posts\/9584\/revisions"}],"wp:attachment":[{"href":"https:\/\/revistacioburi.ro\/revistacioburi\/wp-json\/wp\/v2\/media?parent=9584"}],"wp:term":[{"taxonomy":"category","embeddable":true,"href":"https:\/\/revistacioburi.ro\/revistacioburi\/wp-json\/wp\/v2\/categories?post=9584"},{"taxonomy":"post_tag","embeddable":true,"href":"https:\/\/revistacioburi.ro\/revistacioburi\/wp-json\/wp\/v2\/tags?post=9584"}],"curies":[{"name":"wp","href":"https:\/\/api.w.org\/{rel}","templated":true}]}}